{"id":1816,"date":"2024-11-28T09:00:00","date_gmt":"2024-11-28T14:00:00","guid":{"rendered":"https:\/\/malpicaquintero.com\/web\/?p=1816"},"modified":"2024-11-25T12:37:35","modified_gmt":"2024-11-25T17:37:35","slug":"que-tan-profesional-luce-tu-marca-mas-del-75-de-los-consumidores-juzgan-la-credibilidad-de-un-negocio-por-su-diseno-visual","status":"publish","type":"post","link":"https:\/\/malpicaquintero.com\/web\/que-tan-profesional-luce-tu-marca-mas-del-75-de-los-consumidores-juzgan-la-credibilidad-de-un-negocio-por-su-diseno-visual\/","title":{"rendered":"\u00bfQu\u00e9 tan profesional luce tu marca? M\u00e1s del 75% de los consumidores juzgan la credibilidad de un negocio por su dise\u00f1o visual"},"content":{"rendered":"\n<p>En el mundo actual, donde las primeras impresiones cuentan m\u00e1s que nunca, <strong>el 94% de las primeras impresiones sobre un sitio web est\u00e1n relacionadas con su dise\u00f1o<\/strong>\u30101\u3011, y un estudio de Stanford revela que <strong>el 75% de los usuarios eval\u00faan la credibilidad de una empresa bas\u00e1ndose en su est\u00e9tica visual<\/strong>\u30102\u3011. Esto significa que la identidad visual de tu emprendimiento puede ser la diferencia entre ganar o perder un cliente.<\/p>\n\n\n\n<h4 class=\"wp-block-heading\">\u00bfPor qu\u00e9 es esencial una identidad visual profesional?<\/h4>\n\n\n\n<p>La identidad visual de tu negocio es m\u00e1s que un logo o una paleta de colores; es la representaci\u00f3n gr\u00e1fica de tus valores, misi\u00f3n y visi\u00f3n. Es el primer contacto emocional que tienen los clientes con tu marca. Una identidad bien dise\u00f1ada transmite:<\/p>\n\n\n\n<ol class=\"wp-block-list\">\n<li><strong>Profesionalismo:<\/strong> Una imagen profesional genera respeto y confianza.<\/li>\n\n\n\n<li><strong>Consistencia:<\/strong> Asegura que todos los elementos gr\u00e1ficos comuniquen el mismo mensaje.<\/li>\n\n\n\n<li><strong>Memorabilidad:<\/strong> Las marcas con dise\u00f1os \u00fanicos son m\u00e1s f\u00e1ciles de recordar.<\/li>\n<\/ol>\n\n\n\n<p>Adem\u00e1s, <strong>las marcas con una identidad visual s\u00f3lida tienen un 23% m\u00e1s de probabilidades de ser reconocidas en su sector<\/strong>\u30103\u3011.<\/p>\n\n\n\n<h4 class=\"wp-block-heading\">Se\u00f1ales de que tu emprendimiento necesita mejorar su identidad visual<\/h4>\n\n\n\n<ol class=\"wp-block-list\">\n<li><strong>Tu logo parece anticuado o gen\u00e9rico.<\/strong><br>Un dise\u00f1o obsoleto puede dar la impresi\u00f3n de que tu negocio no est\u00e1 actualizado.<\/li>\n\n\n\n<li><strong>No hay cohesi\u00f3n en tus materiales gr\u00e1ficos.<\/strong><br>Si tus redes sociales, sitio web y papeler\u00eda parecen desconectados, pierdes oportunidades para reforzar tu marca.<\/li>\n\n\n\n<li><strong>Recibes comentarios negativos o preguntas frecuentes sobre tu profesionalismo.<\/strong><br>Si los clientes no sienten confianza en tu marca, es hora de redise\u00f1ar tu identidad visual.<\/li>\n<\/ol>\n\n\n\n<h4 class=\"wp-block-heading\">\u00bfQu\u00e9 incluye una identidad visual profesional?<\/h4>\n\n\n\n<p>Un paquete b\u00e1sico deber\u00eda contener:<\/p>\n\n\n\n<ul class=\"wp-block-list\">\n<li>Un <strong>logotipo atractivo y funcional<\/strong> que sea adaptable a diferentes formatos y tama\u00f1os.<\/li>\n\n\n\n<li>Una <strong>paleta de colores corporativa<\/strong> que refleje tu personalidad de marca y conecte emocionalmente con tu audiencia.<\/li>\n\n\n\n<li><strong>Tipograf\u00eda y elementos gr\u00e1ficos consistentes<\/strong> que refuercen la cohesi\u00f3n visual.<\/li>\n\n\n\n<li><strong>Dise\u00f1o web optimizado y moderno<\/strong> para garantizar una experiencia de usuario profesional y efectiva.<\/li>\n<\/ul>\n\n\n\n<h3 class=\"wp-block-heading\">Conclusi\u00f3n: Invierte en profesionalismo<\/h3>\n\n\n\n<p>Tu negocio merece destacar en un mercado saturado. <strong>Los clientes deciden en menos de 50 milisegundos si confiar en una marca seg\u00fan su dise\u00f1o<\/strong>\u30104\u3011. No dejes que un dise\u00f1o d\u00e9bil sea un obst\u00e1culo para tu \u00e9xito.<\/p>\n\n\n\n<p><strong>\u00bfListo para transformar tu identidad visual y proyectar el profesionalismo que tu negocio merece?<\/strong> Cont\u00e1ctame hoy mismo. Juntos haremos que tu marca sea memorable, confiable y profesional.<\/p>\n\n\n\n<hr class=\"wp-block-separator has-alpha-channel-opacity\">\n\n\n\n<p><strong>Referencias:<\/strong><\/p>\n\n\n\n<ol class=\"wp-block-list\">\n<li>Investigaci\u00f3n sobre dise\u00f1o visual en sitios web: <em>WebFX, 2023<\/em>.<\/li>\n\n\n\n<li><em>Stanford Guidelines for Web Credibility, 2022<\/em>.<\/li>\n\n\n\n<li>Datos sobre reconocimiento de marca: <em>Lucidpress, 2023<\/em>.<\/li>\n\n\n\n<li>Decisiones r\u00e1pidas basadas en dise\u00f1o: <em>Google Research, 2022<\/em>.<\/li>\n<\/ol>\n","protected":false},"excerpt":{"rendered":"<p>En el mundo actual, donde las primeras impresiones cuentan m\u00e1s que nunca, el 94% de las primeras impresiones sobre un sitio web est\u00e1n relacionadas con su<span class=\"excerpt-hellip\"> [\u2026]<\/span><\/p>\n","protected":false},"author":1,"featured_media":1818,"comment_status":"open","ping_status":"open","sticky":false,"template":"","format":"standard","meta":{"_jetpack_memberships_contains_paid_content":false,"footnotes":"","jetpack_publicize_message":"","jetpack_publicize_feature_enabled":true,"jetpack_social_post_already_shared":true,"jetpack_social_options":{"image_generator_settings":{"template":"highway","default_image_id":0,"font":"","enabled":false},"version":2}},"categories":[19,27,50,18,41],"tags":[35,171,170,14,13,26,40,16,54,169],"class_list":["post-1816","post","type-post","status-publish","format-standard","has-post-thumbnail","hentry","category-branding","category-datos-estadisticas","category-diseno-grafico","category-diseno-web","category-emprendimiento","tag-branding","tag-confianza-en-la-marca","tag-diseno-de-logotipo","tag-diseno-grafico","tag-diseno-web","tag-estadisticas-y-hechos","tag-identidad-visual","tag-imagen-corporativa","tag-marketing-visual","tag-profesionalismo"],"jetpack_publicize_connections":[],"jetpack_featured_media_url":"https:\/\/malpicaquintero.com\/web\/wp-content\/uploads\/2024\/11\/que-tan-profesional-luce-tu-marca_mas-del-75-por-ciento-de-los-consumidores-juzgan-la-credibilidad-de-un-negocio-por-su-diseno-visual.webp","jetpack_likes_enabled":true,"jetpack_sharing_enabled":true,"_links":{"self":[{"href":"https:\/\/malpicaquintero.com\/web\/wp-json\/wp\/v2\/posts\/1816","targetHints":{"allow":["GET"]}}],"collection":[{"href":"https:\/\/malpicaquintero.com\/web\/wp-json\/wp\/v2\/posts"}],"about":[{"href":"https:\/\/malpicaquintero.com\/web\/wp-json\/wp\/v2\/types\/post"}],"author":[{"embeddable":true,"href":"https:\/\/malpicaquintero.com\/web\/wp-json\/wp\/v2\/users\/1"}],"replies":[{"embeddable":true,"href":"https:\/\/malpicaquintero.com\/web\/wp-json\/wp\/v2\/comments?post=1816"}],"version-history":[{"count":1,"href":"https:\/\/malpicaquintero.com\/web\/wp-json\/wp\/v2\/posts\/1816\/revisions"}],"predecessor-version":[{"id":1817,"href":"https:\/\/malpicaquintero.com\/web\/wp-json\/wp\/v2\/posts\/1816\/revisions\/1817"}],"wp:featuredmedia":[{"embeddable":true,"href":"https:\/\/malpicaquintero.com\/web\/wp-json\/wp\/v2\/media\/1818"}],"wp:attachment":[{"href":"https:\/\/malpicaquintero.com\/web\/wp-json\/wp\/v2\/media?parent=1816"}],"wp:term":[{"taxonomy":"category","embeddable":true,"href":"https:\/\/malpicaquintero.com\/web\/wp-json\/wp\/v2\/categories?post=1816"},{"taxonomy":"post_tag","embeddable":true,"href":"https:\/\/malpicaquintero.com\/web\/wp-json\/wp\/v2\/tags?post=1816"}],"curies":[{"name":"wp","href":"https:\/\/api.w.org\/{rel}","templated":true}]}}